{"id":9933,"date":"2026-08-21T00:14:11","date_gmt":"2026-08-21T06:14:11","guid":{"rendered":"https:\/\/www.quepasaahora.com\/qpa_wp\/?p=9933"},"modified":"2026-08-21T00:14:12","modified_gmt":"2026-08-21T06:14:12","slug":"fundacion-erick-quiroa-presenta-la-primera-edicion-de-la-carrera-alas-de-esperanza-2026","status":"publish","type":"post","link":"https:\/\/www.quepasaahora.com\/qpa_wp\/fundacion-erick-quiroa-presenta-la-primera-edicion-de-la-carrera-alas-de-esperanza-2026\/","title":{"rendered":"FUNDACI\u00d3N ERICK QUIROA PRESENTA LA PRIMERA EDICI\u00d3N DE LA CARRERA ALAS DE ESPERANZA 2026"},"content":{"rendered":"\n<p class=\"has-vivid-red-color has-vivid-red-background-color has-text-color has-background has-link-color wp-elements-1 wp-block-paragraph\"><\/p>\n\n\n\n<figure class=\"wp-block-image size-large\"><img loading=\"lazy\" decoding=\"async\" width=\"1024\" height=\"683\" loading=\"lazy\" src=\"https:\/\/www.quepasaahora.com\/qpa_wp\/wp-content\/uploads\/2026\/08\/Foto-oficial-2-1024x683.jpg\" alt=\"\" class=\"wp-image-9934\" srcset=\"https:\/\/www.quepasaahora.com\/qpa_wp\/wp-content\/uploads\/2026\/08\/Foto-oficial-2-1024x683.jpg 1024w, https:\/\/www.quepasaahora.com\/qpa_wp\/wp-content\/uploads\/2026\/08\/Foto-oficial-2-300x200.jpg 300w, https:\/\/www.quepasaahora.com\/qpa_wp\/wp-content\/uploads\/2026\/08\/Foto-oficial-2-767x511.jpg 767w, https:\/\/www.quepasaahora.com\/qpa_wp\/wp-content\/uploads\/2026\/08\/Foto-oficial-2-1536x1024.jpg 1536w, https:\/\/www.quepasaahora.com\/qpa_wp\/wp-content\/uploads\/2026\/08\/Foto-oficial-2-2048x1365.jpg 2048w\" sizes=\"auto, (max-width: 1024px) 100vw, 1024px\" \/><\/figure>\n\n\n\n<p class=\"wp-block-paragraph\"><em><strong>Bajo el lema \u201cCada paso nos acerca a un sue\u00f1o\u201d, la iniciativa busca recaudar fondos para que ni\u00f1os con c\u00e1ncer provenientes del interior del pa\u00eds, puedan continuar sus tratamientos sin que la falta de recursos sea un obst\u00e1culo para su recuperaci\u00f3n.<\/strong><\/em><\/p>\n\n\n\n<h2 class=\"wp-block-heading has-text-align-center\">Fundaci\u00f3n Erick Quiroa Alas por un Sue\u00f1o anunci\u00f3 la primera edici\u00f3n de la <strong>Carrera Alas de Esperanza 2026<\/strong>, una iniciativa solidaria que busca reunir a familias, corredores, empresas y amantes de las mascotas alrededor de una causa que transforma vidas: brindar apoyo a ni\u00f1os con c\u00e1ncer y garantizar que ning\u00fan ni\u00f1o abandone su tratamiento por falta de recursos. Los fondos recaudados permitir\u00e1n fortalecer la operaci\u00f3n del Hogar Erick Quiroa, un espacio que brinda hospedaje, alimentaci\u00f3n y acompa\u00f1amiento gratuitos a familias que viajan desde distintos departamentos del pa\u00eds, para que sus hijos puedan recibir tratamiento contra el c\u00e1ncer en la Ciudad de Guatemala.\u00a0<\/h2>\n\n\n\n<h1 class=\"wp-block-heading has-text-align-center has-white-color has-vivid-red-background-color has-text-color has-background has-link-color has-medium-font-size wp-elements-2\">La carrera se llevar\u00e1 a cabo en la Ciudad de Guatemala, el pr\u00f3ximo <strong>domingo 4 de octubre de 2026<\/strong>, a partir de las 8:00 a.m., con salida y meta en el Circuito Obelisco, Avenida Reforma, y ofrecer\u00e1 recorridos de 5K y 10K en un ambiente familiar, recreativo y pet friendly.<\/h1>\n\n\n\n<h2 class=\"wp-block-heading has-text-align-center\">Los fondos recaudados est\u00e1n destinados para fortalecer los programas de la Fundaci\u00f3n Erick Quiroa y del Hogar Erick Quiroa, un espacio que puede albergar hasta 12 familias de manera simult\u00e1nea, integradas por el ni\u00f1o en tratamiento y un cuidador, brind\u00e1ndoles hospedaje, alimentaci\u00f3n y acompa\u00f1amiento totalmente gratuitos. Cada mes, la Fundaci\u00f3n atiende entre 30 y 40 familias provenientes principalmente de Cob\u00e1n, Quich\u00e9, Chiquimula, Jalapa, entre otros lugares. Muchas de estas familias enfrentan condiciones de vulnerabilidad econ\u00f3mica y deben recorrer largas distancias para acceder al tratamiento oncol\u00f3gico de sus hijos en la capital.<\/h2>\n\n\n\n<h2 class=\"wp-block-heading has-text-align-center has-black-color has-pale-cyan-blue-background-color has-text-color has-background has-link-color wp-elements-3\">Gracias al Hogar Erick Quiroa, estas familias pueden permanecer cerca de los hospitales durante el tratamiento sin preocuparse por los costos de hospedaje o alimentaci\u00f3n, reduciendo el riesgo de que los ni\u00f1os abandonen sus tratamientos por falta de recursos econ\u00f3micos. La Carrera Alas de Esperanza nace con el prop\u00f3sito de generar los recursos que permitan mantener en funcionamiento este hogar y ampliar el apoyo que la Fundaci\u00f3n brinda a quienes m\u00e1s lo necesitan.<\/h2>\n\n\n\n<p class=\"wp-block-paragraph\"><strong>\u201c<\/strong><em>Cada inscripci\u00f3n representa mucho m\u00e1s que un n\u00famero de corredor. Esto representa la oportunidad que una familia pueda concentrarse \u00fanicamente en la recuperaci\u00f3n de su hijo, sin tener que preocuparse por d\u00f3nde dormir o c\u00f3mo alimentarse durante su tratamiento. Nuestro sue\u00f1o es que esta carrera se convierta en una tradici\u00f3n que, a\u00f1o con a\u00f1o, siga llevando bienestar y apoyo a quienes m\u00e1s la necesitan&#8221;,<\/em> indic\u00f3 Brenda de Quiroa, Directora Ejecutiva de la Fundaci\u00f3n.<\/p>\n\n\n\n<h2 class=\"wp-block-heading has-text-align-center has-white-color has-vivid-red-background-color has-text-color has-background has-link-color wp-elements-4\">Las inscripciones estar\u00e1n disponibles a partir del 6 de agosto a trav\u00e9s de Bantrab, en cualquiera de sus agencias, indicando el Colector 1115 \u2013 Carrera Alas de Esperanza. La donaci\u00f3n ser\u00e1 de Q125 por participante y Q25 por mascota, e incluir\u00e1 el kit oficial del corredor con playera, n\u00famero, medalla de participaci\u00f3n, mochila y productos de los patrocinadores. Adem\u00e1s, las mascotas recibir\u00e1n una bandana conmemorativa.<\/h2>\n\n\n\n<h2 class=\"wp-block-heading has-text-align-center has-white-color has-pale-cyan-blue-background-color has-text-color has-background has-link-color wp-elements-5\">Como parte de la experiencia, el s\u00e1bado 3 de octubre se realizar\u00e1 la entrega de kits durante la Expo del Corredor en el Sal\u00f3n de Eventos del Zool\u00f3gico La Aurora, zona 13. El d\u00eda de la carrera, los corredores podr\u00e1n visitar la zona Pizza Party en Plaza Quo, Zona 4, un espacio de convivencia familiar que contar\u00e1 con la participaci\u00f3n de Dude&#8217;s Pizzer\u00eda y la presencia especial de las Tortugas Ninja, quienes acompa\u00f1ar\u00e1n la jornada para brindar una experiencia inolvidable para ni\u00f1os y adultos.<\/h2>\n\n\n\n<blockquote class=\"wp-block-quote alignleft is-layout-flow wp-block-quote-is-layout-flow\">\n<p class=\"has-text-align-center has-medium-font-size wp-block-paragraph\"><strong><em>\u201cEn la Fundaci\u00f3n creemos que ning\u00fan ni\u00f1o deber\u00eda abandonar su tratamiento por falta de recursos. Gracias al apoyo de la comunidad podemos abrir las puertas de nuestro hogar, acompa\u00f1ar a las familias durante este proceso y, adem\u00e1s, cumplir sue\u00f1os que les devuelvan alegr\u00eda en uno de los momentos m\u00e1s dif\u00edciles de sus vidas. Cada paso que damos juntos nos acerca a un sue\u00f1o&#8221;,<\/em> agreg\u00f3 Quiroa.<\/strong><\/p>\n\n\n\n<hr class=\"wp-block-separator has-alpha-channel-opacity\"\/>\n\n\n\n<p class=\"wp-block-paragraph\">Adem\u00e1s de brindar hospedaje y alimentaci\u00f3n, la Fundaci\u00f3n Erick Quiroa trabaja para cumplir los sue\u00f1os de ni\u00f1os con c\u00e1ncer, creando momentos de alegr\u00eda y solidaridad que fortalecen emocionalmente a los peque\u00f1os y a sus familias durante su proceso de tratamiento. La Carrera Alas de Esperanza cuenta con el respaldo de empresas comprometidas con la responsabilidad social, entre ellas <strong>Bantrab, Seguros Universales, GanaPlay, Hidravida, Municipalidad de Guatemala, Zool\u00f3gico La Aurora, Proarquing, LIA Comms, Colegio La Preparatoria, Zorros Evolution Bike, Colegio Mixto Bel\u00e9n, Dude&#8217;s Pizzer\u00eda, Soy502, Quimclogua, Krissof, Comercial Ib\u00e9rica, Luminus Productions, Revista Petmi, Kani y Nutrisource.<\/strong><\/p>\n\n\n\n<p class=\"has-vivid-red-color has-vivid-red-background-color has-text-color has-background has-link-color wp-elements-6 wp-block-paragraph\"><\/p>\n<\/blockquote>\n\n\n\n<p class=\"wp-block-paragraph\"><\/p>\n","protected":false},"excerpt":{"rendered":"<p>Bajo el lema \u201cCada paso nos acerca a un sue\u00f1o\u201d, la iniciativa busca recaudar fondos para que ni\u00f1os con c\u00e1ncer&hellip;<\/p>\n","protected":false},"author":9,"featured_media":9934,"comment_status":"open","ping_status":"open","sticky":false,"template":"","format":"standard","meta":{"nf_dc_page":"","om_disable_all_campaigns":false,"footnotes":""},"categories":[49,433,146,142,134,1,156,414,110,64],"tags":[58,978,59,9,2,45],"class_list":["post-9933","post","type-post","status-publish","format-standard","has-post-thumbnail","hentry","category-actualidad","category-carreras-deportivas","category-familia","category-mascotas","category-ninos","category-que-pasa","category-salud","category-solidaridad","category-titulares","category-trending","tag-actualidad","tag-fundacion-erick-quiroa","tag-guatemala","tag-lo-actual","tag-titulares","tag-trending","clearfix","entry"],"yoast_head":"<!-- This site is optimized with the Yoast SEO plugin v28.4 - https:\/\/yoast.com\/product\/yoast-seo-wordpress\/ -->\n<title>FUNDACI\u00d3N ERICK QUIROA PRESENTA LA PRIMERA EDICI\u00d3N DE LA CARRERA ALAS DE ESPERANZA 2026 - Que pasa ahora.com<\/title>\n<meta name=\"robots\" content=\"index, follow, max-snippet:-1, max-image-preview:large, max-video-preview:-1\" \/>\n<link rel=\"canonical\" href=\"https:\/\/www.quepasaahora.com\/qpa_wp\/fundacion-erick-quiroa-presenta-la-primera-edicion-de-la-carrera-alas-de-esperanza-2026\/\" \/>\n<meta property=\"og:locale\" content=\"es_ES\" \/>\n<meta property=\"og:type\" content=\"article\" \/>\n<meta property=\"og:title\" content=\"FUNDACI\u00d3N ERICK QUIROA PRESENTA LA PRIMERA EDICI\u00d3N DE LA CARRERA ALAS DE ESPERANZA 2026 - Que pasa ahora.com\" \/>\n<meta property=\"og:description\" content=\"Bajo el lema \u201cCada paso nos acerca a un sue\u00f1o\u201d, la iniciativa busca recaudar fondos para que ni\u00f1os con c\u00e1ncer&hellip;\" \/>\n<meta property=\"og:url\" content=\"https:\/\/www.quepasaahora.com\/qpa_wp\/fundacion-erick-quiroa-presenta-la-primera-edicion-de-la-carrera-alas-de-esperanza-2026\/\" \/>\n<meta property=\"og:site_name\" content=\"Que pasa ahora.com\" \/>\n<meta property=\"article:published_time\" content=\"2026-08-21T06:14:11+00:00\" \/>\n<meta property=\"article:modified_time\" content=\"2026-08-21T06:14:12+00:00\" \/>\n<meta property=\"og:image\" content=\"http:\/\/www.quepasaahora.com\/qpa_wp\/wp-content\/uploads\/2026\/08\/Foto-oficial-2-scaled.jpg\" \/>\n\t<meta property=\"og:image:width\" content=\"2560\" \/>\n\t<meta property=\"og:image:height\" content=\"1706\" \/>\n\t<meta property=\"og:image:type\" content=\"image\/jpeg\" \/>\n<meta name=\"author\" content=\"Claudia E. Selva\" \/>\n<meta name=\"twitter:card\" content=\"summary_large_image\" \/>\n<meta name=\"twitter:label1\" content=\"Escrito por\" \/>\n\t<meta name=\"twitter:data1\" content=\"Claudia E. Selva\" \/>\n\t<meta name=\"twitter:label2\" content=\"Tiempo de lectura\" \/>\n\t<meta name=\"twitter:data2\" content=\"4 minutos\" \/>\n<script type=\"application\/ld+json\" class=\"yoast-schema-graph\">{\"@context\":\"https:\\\/\\\/schema.org\",\"@graph\":[{\"@type\":\"Article\",\"@id\":\"https:\\\/\\\/www.quepasaahora.com\\\/qpa_wp\\\/fundacion-erick-quiroa-presenta-la-primera-edicion-de-la-carrera-alas-de-esperanza-2026\\\/#article\",\"isPartOf\":{\"@id\":\"https:\\\/\\\/www.quepasaahora.com\\\/qpa_wp\\\/fundacion-erick-quiroa-presenta-la-primera-edicion-de-la-carrera-alas-de-esperanza-2026\\\/\"},\"author\":{\"name\":\"Claudia E. Selva\",\"@id\":\"https:\\\/\\\/www.quepasaahora.com\\\/qpa_wp\\\/#\\\/schema\\\/person\\\/a149edadc3fef0b804e6cf61e1af1350\"},\"headline\":\"FUNDACI\u00d3N ERICK QUIROA PRESENTA LA PRIMERA EDICI\u00d3N DE LA CARRERA ALAS DE ESPERANZA 2026\",\"datePublished\":\"2026-08-21T06:14:11+00:00\",\"dateModified\":\"2026-08-21T06:14:12+00:00\",\"mainEntityOfPage\":{\"@id\":\"https:\\\/\\\/www.quepasaahora.com\\\/qpa_wp\\\/fundacion-erick-quiroa-presenta-la-primera-edicion-de-la-carrera-alas-de-esperanza-2026\\\/\"},\"wordCount\":833,\"commentCount\":0,\"image\":{\"@id\":\"https:\\\/\\\/www.quepasaahora.com\\\/qpa_wp\\\/fundacion-erick-quiroa-presenta-la-primera-edicion-de-la-carrera-alas-de-esperanza-2026\\\/#primaryimage\"},\"thumbnailUrl\":\"https:\\\/\\\/www.quepasaahora.com\\\/qpa_wp\\\/wp-content\\\/uploads\\\/2026\\\/08\\\/Foto-oficial-2-scaled.jpg\",\"keywords\":[\"Actualidad\",\"Fundaci\u00f3n Erick Quiroa\",\"Guatemala\",\"Lo Actual\",\"Titulares\",\"Trending\"],\"articleSection\":[\"Actualidad\",\"Carreras deportivas\",\"Familia\",\"Mascotas\",\"Ni\u00f1os\",\"Qu\u00e9 Pasa\",\"Salud\",\"Solidaridad\",\"Titulares\",\"Trending\"],\"inLanguage\":\"es\",\"potentialAction\":[{\"@type\":\"CommentAction\",\"name\":\"Comment\",\"target\":[\"https:\\\/\\\/www.quepasaahora.com\\\/qpa_wp\\\/fundacion-erick-quiroa-presenta-la-primera-edicion-de-la-carrera-alas-de-esperanza-2026\\\/#respond\"]}]},{\"@type\":\"WebPage\",\"@id\":\"https:\\\/\\\/www.quepasaahora.com\\\/qpa_wp\\\/fundacion-erick-quiroa-presenta-la-primera-edicion-de-la-carrera-alas-de-esperanza-2026\\\/\",\"url\":\"https:\\\/\\\/www.quepasaahora.com\\\/qpa_wp\\\/fundacion-erick-quiroa-presenta-la-primera-edicion-de-la-carrera-alas-de-esperanza-2026\\\/\",\"name\":\"FUNDACI\u00d3N ERICK QUIROA PRESENTA LA PRIMERA EDICI\u00d3N DE LA CARRERA ALAS DE ESPERANZA 2026 - Que pasa ahora.com\",\"isPartOf\":{\"@id\":\"https:\\\/\\\/www.quepasaahora.com\\\/qpa_wp\\\/#website\"},\"primaryImageOfPage\":{\"@id\":\"https:\\\/\\\/www.quepasaahora.com\\\/qpa_wp\\\/fundacion-erick-quiroa-presenta-la-primera-edicion-de-la-carrera-alas-de-esperanza-2026\\\/#primaryimage\"},\"image\":{\"@id\":\"https:\\\/\\\/www.quepasaahora.com\\\/qpa_wp\\\/fundacion-erick-quiroa-presenta-la-primera-edicion-de-la-carrera-alas-de-esperanza-2026\\\/#primaryimage\"},\"thumbnailUrl\":\"https:\\\/\\\/www.quepasaahora.com\\\/qpa_wp\\\/wp-content\\\/uploads\\\/2026\\\/08\\\/Foto-oficial-2-scaled.jpg\",\"datePublished\":\"2026-08-21T06:14:11+00:00\",\"dateModified\":\"2026-08-21T06:14:12+00:00\",\"author\":{\"@id\":\"https:\\\/\\\/www.quepasaahora.com\\\/qpa_wp\\\/#\\\/schema\\\/person\\\/a149edadc3fef0b804e6cf61e1af1350\"},\"breadcrumb\":{\"@id\":\"https:\\\/\\\/www.quepasaahora.com\\\/qpa_wp\\\/fundacion-erick-quiroa-presenta-la-primera-edicion-de-la-carrera-alas-de-esperanza-2026\\\/#breadcrumb\"},\"inLanguage\":\"es\",\"potentialAction\":[{\"@type\":\"ReadAction\",\"target\":[\"https:\\\/\\\/www.quepasaahora.com\\\/qpa_wp\\\/fundacion-erick-quiroa-presenta-la-primera-edicion-de-la-carrera-alas-de-esperanza-2026\\\/\"]}]},{\"@type\":\"ImageObject\",\"inLanguage\":\"es\",\"@id\":\"https:\\\/\\\/www.quepasaahora.com\\\/qpa_wp\\\/fundacion-erick-quiroa-presenta-la-primera-edicion-de-la-carrera-alas-de-esperanza-2026\\\/#primaryimage\",\"url\":\"https:\\\/\\\/www.quepasaahora.com\\\/qpa_wp\\\/wp-content\\\/uploads\\\/2026\\\/08\\\/Foto-oficial-2-scaled.jpg\",\"contentUrl\":\"https:\\\/\\\/www.quepasaahora.com\\\/qpa_wp\\\/wp-content\\\/uploads\\\/2026\\\/08\\\/Foto-oficial-2-scaled.jpg\",\"width\":2560,\"height\":1706},{\"@type\":\"BreadcrumbList\",\"@id\":\"https:\\\/\\\/www.quepasaahora.com\\\/qpa_wp\\\/fundacion-erick-quiroa-presenta-la-primera-edicion-de-la-carrera-alas-de-esperanza-2026\\\/#breadcrumb\",\"itemListElement\":[{\"@type\":\"ListItem\",\"position\":1,\"name\":\"Portada\",\"item\":\"https:\\\/\\\/www.quepasaahora.com\\\/qpa_wp\\\/\"},{\"@type\":\"ListItem\",\"position\":2,\"name\":\"FUNDACI\u00d3N ERICK QUIROA PRESENTA LA PRIMERA EDICI\u00d3N DE LA CARRERA ALAS DE ESPERANZA 2026\"}]},{\"@type\":\"WebSite\",\"@id\":\"https:\\\/\\\/www.quepasaahora.com\\\/qpa_wp\\\/#website\",\"url\":\"https:\\\/\\\/www.quepasaahora.com\\\/qpa_wp\\\/\",\"name\":\"Que pasa ahora.com\",\"description\":\"La gu\u00eda para tu entretenimiento\",\"potentialAction\":[{\"@type\":\"SearchAction\",\"target\":{\"@type\":\"EntryPoint\",\"urlTemplate\":\"https:\\\/\\\/www.quepasaahora.com\\\/qpa_wp\\\/?s={search_term_string}\"},\"query-input\":{\"@type\":\"PropertyValueSpecification\",\"valueRequired\":true,\"valueName\":\"search_term_string\"}}],\"inLanguage\":\"es\"},{\"@type\":\"Person\",\"@id\":\"https:\\\/\\\/www.quepasaahora.com\\\/qpa_wp\\\/#\\\/schema\\\/person\\\/a149edadc3fef0b804e6cf61e1af1350\",\"name\":\"Claudia E. Selva\",\"image\":{\"@type\":\"ImageObject\",\"inLanguage\":\"es\",\"@id\":\"https:\\\/\\\/secure.gravatar.com\\\/avatar\\\/fa7d822dc0beb1048010bf5eaf74ce5db36530f25208ef86e37adcba3dfae11b?s=96&d=mm&r=g\",\"url\":\"https:\\\/\\\/secure.gravatar.com\\\/avatar\\\/fa7d822dc0beb1048010bf5eaf74ce5db36530f25208ef86e37adcba3dfae11b?s=96&d=mm&r=g\",\"contentUrl\":\"https:\\\/\\\/secure.gravatar.com\\\/avatar\\\/fa7d822dc0beb1048010bf5eaf74ce5db36530f25208ef86e37adcba3dfae11b?s=96&d=mm&r=g\",\"caption\":\"Claudia E. Selva\"},\"url\":\"https:\\\/\\\/www.quepasaahora.com\\\/qpa_wp\\\/author\\\/cselva1972yahoo-com\\\/\"}]}<\/script>\n<!-- \/ Yoast SEO plugin. -->","yoast_head_json":{"title":"FUNDACI\u00d3N ERICK QUIROA PRESENTA LA PRIMERA EDICI\u00d3N DE LA CARRERA ALAS DE ESPERANZA 2026 - Que pasa ahora.com","robots":{"index":"index","follow":"follow","max-snippet":"max-snippet:-1","max-image-preview":"max-image-preview:large","max-video-preview":"max-video-preview:-1"},"canonical":"https:\/\/www.quepasaahora.com\/qpa_wp\/fundacion-erick-quiroa-presenta-la-primera-edicion-de-la-carrera-alas-de-esperanza-2026\/","og_locale":"es_ES","og_type":"article","og_title":"FUNDACI\u00d3N ERICK QUIROA PRESENTA LA PRIMERA EDICI\u00d3N DE LA CARRERA ALAS DE ESPERANZA 2026 - Que pasa ahora.com","og_description":"Bajo el lema \u201cCada paso nos acerca a un sue\u00f1o\u201d, la iniciativa busca recaudar fondos para que ni\u00f1os con c\u00e1ncer&hellip;","og_url":"https:\/\/www.quepasaahora.com\/qpa_wp\/fundacion-erick-quiroa-presenta-la-primera-edicion-de-la-carrera-alas-de-esperanza-2026\/","og_site_name":"Que pasa ahora.com","article_published_time":"2026-08-21T06:14:11+00:00","article_modified_time":"2026-08-21T06:14:12+00:00","og_image":[{"width":2560,"height":1706,"url":"http:\/\/www.quepasaahora.com\/qpa_wp\/wp-content\/uploads\/2026\/08\/Foto-oficial-2-scaled.jpg","type":"image\/jpeg"}],"author":"Claudia E. Selva","twitter_card":"summary_large_image","twitter_misc":{"Escrito por":"Claudia E. Selva","Tiempo de lectura":"4 minutos"},"schema":{"@context":"https:\/\/schema.org","@graph":[{"@type":"Article","@id":"https:\/\/www.quepasaahora.com\/qpa_wp\/fundacion-erick-quiroa-presenta-la-primera-edicion-de-la-carrera-alas-de-esperanza-2026\/#article","isPartOf":{"@id":"https:\/\/www.quepasaahora.com\/qpa_wp\/fundacion-erick-quiroa-presenta-la-primera-edicion-de-la-carrera-alas-de-esperanza-2026\/"},"author":{"name":"Claudia E. Selva","@id":"https:\/\/www.quepasaahora.com\/qpa_wp\/#\/schema\/person\/a149edadc3fef0b804e6cf61e1af1350"},"headline":"FUNDACI\u00d3N ERICK QUIROA PRESENTA LA PRIMERA EDICI\u00d3N DE LA CARRERA ALAS DE ESPERANZA 2026","datePublished":"2026-08-21T06:14:11+00:00","dateModified":"2026-08-21T06:14:12+00:00","mainEntityOfPage":{"@id":"https:\/\/www.quepasaahora.com\/qpa_wp\/fundacion-erick-quiroa-presenta-la-primera-edicion-de-la-carrera-alas-de-esperanza-2026\/"},"wordCount":833,"commentCount":0,"image":{"@id":"https:\/\/www.quepasaahora.com\/qpa_wp\/fundacion-erick-quiroa-presenta-la-primera-edicion-de-la-carrera-alas-de-esperanza-2026\/#primaryimage"},"thumbnailUrl":"https:\/\/www.quepasaahora.com\/qpa_wp\/wp-content\/uploads\/2026\/08\/Foto-oficial-2-scaled.jpg","keywords":["Actualidad","Fundaci\u00f3n Erick Quiroa","Guatemala","Lo Actual","Titulares","Trending"],"articleSection":["Actualidad","Carreras deportivas","Familia","Mascotas","Ni\u00f1os","Qu\u00e9 Pasa","Salud","Solidaridad","Titulares","Trending"],"inLanguage":"es","potentialAction":[{"@type":"CommentAction","name":"Comment","target":["https:\/\/www.quepasaahora.com\/qpa_wp\/fundacion-erick-quiroa-presenta-la-primera-edicion-de-la-carrera-alas-de-esperanza-2026\/#respond"]}]},{"@type":"WebPage","@id":"https:\/\/www.quepasaahora.com\/qpa_wp\/fundacion-erick-quiroa-presenta-la-primera-edicion-de-la-carrera-alas-de-esperanza-2026\/","url":"https:\/\/www.quepasaahora.com\/qpa_wp\/fundacion-erick-quiroa-presenta-la-primera-edicion-de-la-carrera-alas-de-esperanza-2026\/","name":"FUNDACI\u00d3N ERICK QUIROA PRESENTA LA PRIMERA EDICI\u00d3N DE LA CARRERA ALAS DE ESPERANZA 2026 - Que pasa ahora.com","isPartOf":{"@id":"https:\/\/www.quepasaahora.com\/qpa_wp\/#website"},"primaryImageOfPage":{"@id":"https:\/\/www.quepasaahora.com\/qpa_wp\/fundacion-erick-quiroa-presenta-la-primera-edicion-de-la-carrera-alas-de-esperanza-2026\/#primaryimage"},"image":{"@id":"https:\/\/www.quepasaahora.com\/qpa_wp\/fundacion-erick-quiroa-presenta-la-primera-edicion-de-la-carrera-alas-de-esperanza-2026\/#primaryimage"},"thumbnailUrl":"https:\/\/www.quepasaahora.com\/qpa_wp\/wp-content\/uploads\/2026\/08\/Foto-oficial-2-scaled.jpg","datePublished":"2026-08-21T06:14:11+00:00","dateModified":"2026-08-21T06:14:12+00:00","author":{"@id":"https:\/\/www.quepasaahora.com\/qpa_wp\/#\/schema\/person\/a149edadc3fef0b804e6cf61e1af1350"},"breadcrumb":{"@id":"https:\/\/www.quepasaahora.com\/qpa_wp\/fundacion-erick-quiroa-presenta-la-primera-edicion-de-la-carrera-alas-de-esperanza-2026\/#breadcrumb"},"inLanguage":"es","potentialAction":[{"@type":"ReadAction","target":["https:\/\/www.quepasaahora.com\/qpa_wp\/fundacion-erick-quiroa-presenta-la-primera-edicion-de-la-carrera-alas-de-esperanza-2026\/"]}]},{"@type":"ImageObject","inLanguage":"es","@id":"https:\/\/www.quepasaahora.com\/qpa_wp\/fundacion-erick-quiroa-presenta-la-primera-edicion-de-la-carrera-alas-de-esperanza-2026\/#primaryimage","url":"https:\/\/www.quepasaahora.com\/qpa_wp\/wp-content\/uploads\/2026\/08\/Foto-oficial-2-scaled.jpg","contentUrl":"https:\/\/www.quepasaahora.com\/qpa_wp\/wp-content\/uploads\/2026\/08\/Foto-oficial-2-scaled.jpg","width":2560,"height":1706},{"@type":"BreadcrumbList","@id":"https:\/\/www.quepasaahora.com\/qpa_wp\/fundacion-erick-quiroa-presenta-la-primera-edicion-de-la-carrera-alas-de-esperanza-2026\/#breadcrumb","itemListElement":[{"@type":"ListItem","position":1,"name":"Portada","item":"https:\/\/www.quepasaahora.com\/qpa_wp\/"},{"@type":"ListItem","position":2,"name":"FUNDACI\u00d3N ERICK QUIROA PRESENTA LA PRIMERA EDICI\u00d3N DE LA CARRERA ALAS DE ESPERANZA 2026"}]},{"@type":"WebSite","@id":"https:\/\/www.quepasaahora.com\/qpa_wp\/#website","url":"https:\/\/www.quepasaahora.com\/qpa_wp\/","name":"Que pasa ahora.com","description":"La gu\u00eda para tu entretenimiento","potentialAction":[{"@type":"SearchAction","target":{"@type":"EntryPoint","urlTemplate":"https:\/\/www.quepasaahora.com\/qpa_wp\/?s={search_term_string}"},"query-input":{"@type":"PropertyValueSpecification","valueRequired":true,"valueName":"search_term_string"}}],"inLanguage":"es"},{"@type":"Person","@id":"https:\/\/www.quepasaahora.com\/qpa_wp\/#\/schema\/person\/a149edadc3fef0b804e6cf61e1af1350","name":"Claudia E. Selva","image":{"@type":"ImageObject","inLanguage":"es","@id":"https:\/\/secure.gravatar.com\/avatar\/fa7d822dc0beb1048010bf5eaf74ce5db36530f25208ef86e37adcba3dfae11b?s=96&d=mm&r=g","url":"https:\/\/secure.gravatar.com\/avatar\/fa7d822dc0beb1048010bf5eaf74ce5db36530f25208ef86e37adcba3dfae11b?s=96&d=mm&r=g","contentUrl":"https:\/\/secure.gravatar.com\/avatar\/fa7d822dc0beb1048010bf5eaf74ce5db36530f25208ef86e37adcba3dfae11b?s=96&d=mm&r=g","caption":"Claudia E. Selva"},"url":"https:\/\/www.quepasaahora.com\/qpa_wp\/author\/cselva1972yahoo-com\/"}]}},"_links":{"self":[{"href":"https:\/\/www.quepasaahora.com\/qpa_wp\/wp-json\/wp\/v2\/posts\/9933","targetHints":{"allow":["GET"]}}],"collection":[{"href":"https:\/\/www.quepasaahora.com\/qpa_wp\/wp-json\/wp\/v2\/posts"}],"about":[{"href":"https:\/\/www.quepasaahora.com\/qpa_wp\/wp-json\/wp\/v2\/types\/post"}],"author":[{"embeddable":true,"href":"https:\/\/www.quepasaahora.com\/qpa_wp\/wp-json\/wp\/v2\/users\/9"}],"replies":[{"embeddable":true,"href":"https:\/\/www.quepasaahora.com\/qpa_wp\/wp-json\/wp\/v2\/comments?post=9933"}],"version-history":[{"count":1,"href":"https:\/\/www.quepasaahora.com\/qpa_wp\/wp-json\/wp\/v2\/posts\/9933\/revisions"}],"predecessor-version":[{"id":9935,"href":"https:\/\/www.quepasaahora.com\/qpa_wp\/wp-json\/wp\/v2\/posts\/9933\/revisions\/9935"}],"wp:featuredmedia":[{"embeddable":true,"href":"https:\/\/www.quepasaahora.com\/qpa_wp\/wp-json\/wp\/v2\/media\/9934"}],"wp:attachment":[{"href":"https:\/\/www.quepasaahora.com\/qpa_wp\/wp-json\/wp\/v2\/media?parent=9933"}],"wp:term":[{"taxonomy":"category","embeddable":true,"href":"https:\/\/www.quepasaahora.com\/qpa_wp\/wp-json\/wp\/v2\/categories?post=9933"},{"taxonomy":"post_tag","embeddable":true,"href":"https:\/\/www.quepasaahora.com\/qpa_wp\/wp-json\/wp\/v2\/tags?post=9933"}],"curies":[{"name":"wp","href":"https:\/\/api.w.org\/{rel}","templated":true}]}}