{"id":9952,"date":"2026-08-28T22:03:48","date_gmt":"2026-08-29T04:03:48","guid":{"rendered":"https:\/\/www.quepasaahora.com\/qpa_wp\/?p=9952"},"modified":"2026-08-28T22:03:50","modified_gmt":"2026-08-29T04:03:50","slug":"4-mujeres-guatemaltecas-fueron-galardonadas-con-el-premio-visionario-luis-von-ahn-2026","status":"publish","type":"post","link":"https:\/\/www.quepasaahora.com\/qpa_wp\/4-mujeres-guatemaltecas-fueron-galardonadas-con-el-premio-visionario-luis-von-ahn-2026\/","title":{"rendered":"4 mujeres guatemaltecas fueron galardonadas con el Premio Visionario Luis von Ahn 2026"},"content":{"rendered":"\n<p class=\"has-vivid-red-color has-vivid-red-background-color has-text-color has-background has-link-color wp-elements-1 wp-block-paragraph\"><\/p>\n\n\n\n<figure class=\"wp-block-image size-large\"><img loading=\"lazy\" decoding=\"async\" width=\"1024\" height=\"981\" loading=\"lazy\" src=\"https:\/\/www.quepasaahora.com\/qpa_wp\/wp-content\/uploads\/2026\/08\/Foto-1-5-1024x981.jpeg\" alt=\"\" class=\"wp-image-9953\" srcset=\"https:\/\/www.quepasaahora.com\/qpa_wp\/wp-content\/uploads\/2026\/08\/Foto-1-5-1024x981.jpeg 1024w, https:\/\/www.quepasaahora.com\/qpa_wp\/wp-content\/uploads\/2026\/08\/Foto-1-5-300x287.jpeg 300w, https:\/\/www.quepasaahora.com\/qpa_wp\/wp-content\/uploads\/2026\/08\/Foto-1-5-767x735.jpeg 767w, https:\/\/www.quepasaahora.com\/qpa_wp\/wp-content\/uploads\/2026\/08\/Foto-1-5.jpeg 1161w\" sizes=\"auto, (max-width: 1024px) 100vw, 1024px\" \/><\/figure>\n\n\n\n<h1 class=\"wp-block-heading has-text-align-center has-white-color has-electric-grass-gradient-background has-text-color has-background has-link-color has-medium-font-size wp-elements-2\">La Fundaci\u00f3n Luis von Ahn anuncia que cuatro mujeres fueron quienes recibieron el \u201cPremio Visionario Luis von Ahn\u201d, en su tercera edici\u00f3n. Se trata de un reconocimiento que celebra a l\u00edderes con una trayectoria de impacto, integridad y liderazgo visionario, capaces de inspirar a nuevas generaciones y contribuir a un futuro m\u00e1s justo e inclusivo para Guatemala.<\/h1>\n\n\n\n<h3 class=\"wp-block-heading has-text-align-center\">Todas ellas fueron seleccionadas por medio de un riguroso proceso de evaluaci\u00f3n que analiz\u00f3 su impacto social, liderazgo, honorabilidad y alineaci\u00f3n con los valores de la Fundaci\u00f3n Luis von Ahn. El alcance del trabajo que desempe\u00f1an llega a todo el pa\u00eds y, de manera especial, a las poblaciones prioritarias de Guatemala.&nbsp; En conjunto, su trabajo abarca \u00e1mbitos como la salud, la protecci\u00f3n de la ni\u00f1ez, los derechos de las mujeres ind\u00edgenas y las oportunidades para las juventudes.<\/h3>\n\n\n\n<figure class=\"wp-block-image size-large\"><img loading=\"lazy\" decoding=\"async\" width=\"935\" height=\"896\" loading=\"lazy\" src=\"https:\/\/www.quepasaahora.com\/qpa_wp\/wp-content\/uploads\/2026\/08\/Foto-4-4-edited.jpeg\" alt=\"\" class=\"wp-image-9955\" srcset=\"https:\/\/www.quepasaahora.com\/qpa_wp\/wp-content\/uploads\/2026\/08\/Foto-4-4-edited.jpeg 935w, https:\/\/www.quepasaahora.com\/qpa_wp\/wp-content\/uploads\/2026\/08\/Foto-4-4-edited-300x287.jpeg 300w, https:\/\/www.quepasaahora.com\/qpa_wp\/wp-content\/uploads\/2026\/08\/Foto-4-4-edited-768x736.jpeg 768w\" sizes=\"auto, (max-width: 935px) 100vw, 935px\" \/><\/figure>\n\n\n\n<h2 class=\"wp-block-heading has-text-align-right has-white-color has-vivid-red-background-color has-text-color has-background has-link-color wp-elements-3\"><strong>Las galardonadas son:<\/strong><\/h2>\n\n\n\n<h2 class=\"wp-block-heading\"><strong>Magdalena Cholot\u00edo<\/strong><\/h2>\n\n\n\n<p class=\"wp-block-paragraph\"> Terapeuta maya tz&#8217;utujil. Fundadora del Movimiento Nacional de Abuelas Comadronas Nim Alaxik que articula a m\u00e1s de 23 mil 300 comadronas ind\u00edgenas. Su trabajo fue determinante para que la sabidur\u00eda ancestral de la labor que desarrollan se reconociera como pol\u00edtica p\u00fablica nacional.<\/p>\n\n\n\n<h2 class=\"wp-block-heading\"><strong>Gabriela Asturias<\/strong><\/h2>\n\n\n\n<p class=\"wp-block-paragraph\">M\u00e9dica graduada de Stanford University y cofundadora de la Fundaci\u00f3n Desarrolla Guatemala para la Educaci\u00f3n y Salud (Fundegua) y ALMA\/TuSalud. Con estos proyectos ha llevado orientaci\u00f3n en salud a m\u00e1s de tres millones de guatemaltecos y convirti\u00f3 la tecnolog\u00eda en una puerta de acceso a la salud p\u00fablica.<\/p>\n\n\n\n<h2 class=\"wp-block-heading\"><strong>Pilar Ram\u00edre<\/strong>z<\/h2>\n\n\n\n<p class=\"wp-block-paragraph\"> Abogada especializada en protecci\u00f3n de la ni\u00f1ez y vicepresidenta Global de Construcci\u00f3n de Capacidades Nacionales del International Centre for Missing &amp; Exploited Children (ICMEC). Lider\u00f3 la creaci\u00f3n del Sistema de Alerta Alba-Keneth, el principal mecanismo nacional de b\u00fasqueda de ni\u00f1ez desaparecida en el pa\u00eds.<\/p>\n\n\n\n<h2 class=\"wp-block-heading\"><strong>Eleanor Mench\u00fa (L\u00edder Joven)<\/strong><\/h2>\n\n\n\n<p class=\"wp-block-paragraph\"> Ingeniera industrial que construye productos de IA, ha acercado formaci\u00f3n tecnol\u00f3gica a m\u00e1s de 10 mil j\u00f3venes guatemaltecos, con lo cual demuestra que la tecnolog\u00eda puede ser el mayor igualador de oportunidades para la juventud del pa\u00eds.<\/p>\n\n\n\n<h2 class=\"wp-block-heading has-text-align-right has-white-color has-electric-grass-gradient-background has-text-color has-background has-link-color wp-elements-4\"><strong>Conociendo m\u00e1s sobre la Fundaci\u00f3n Luis von Ahn<\/strong><\/h2>\n\n\n\n<p class=\"wp-block-paragraph\">La Fundaci\u00f3n Luis von Ahn es una organizaci\u00f3n filantr\u00f3pica privada que apoya m\u00e1s de 30 iniciativas en Guatemala en las \u00e1reas de educaci\u00f3n, democracia, derechos de las mujeres y conservaci\u00f3n de la naturaleza. A partir de 2027, la Fundaci\u00f3n enfocar\u00e1 su estrategia en cultivar y acelerar una nueva generaci\u00f3n de l\u00edderes diversos y representativos de Guatemala, ampliando las oportunidades para que j\u00f3venes desarrollen su potencial y contribuyan al futuro del pa\u00eds.<\/p>\n\n\n\n<p class=\"wp-block-paragraph\">Fue creada por Luis von Ahn, cient\u00edfico guatemalteco en computaci\u00f3n, emprendedor social, creador de <a href=\"https:\/\/www.bing.com\/ck\/a?!&amp;&amp;p=c227a500b860eebd9099d100f49ad7be901e93584f99dc5fb35a7cc289e074a8JmltdHM9MTc4Nzg3NTIwMA&amp;ptn=3&amp;ver=2&amp;hsh=4&amp;fclid=26c95896-28ed-6405-16b0-4f55299a6552&amp;psq=Duolingo&amp;u=a1aHR0cHM6Ly9lcy5kdW9saW5nby5jb20v\">Duolingo <\/a>e inventor de <a href=\"https:\/\/youtu.be\/tbvxFW4UJdU?si=GSXr8HdJ5ACca0Ty\">reCAPTCHA<\/a>, quien ha demostrado que la tecnolog\u00eda y la innovaci\u00f3n pueden ampliar el acceso a la educaci\u00f3n y las oportunidades.<\/p>\n\n\n\n<h2 class=\"wp-block-heading has-text-align-center\">Para m\u00e1s informaci\u00f3n sobre el premio y el trabajo de la Fundaci\u00f3n, visite: <a href=\"https:\/\/www.luisvonahnfoundation.org\/es\/lva-visionary-award\">https:\/\/www.luisvonahnfoundation.org\/es\/lva-visionary-award<\/a><\/h2>\n\n\n\n<p class=\"has-vivid-red-color has-vivid-red-background-color has-text-color has-background has-link-color wp-elements-5 wp-block-paragraph\"><\/p>\n\n\n\n<p class=\"wp-block-paragraph\"><\/p>\n","protected":false},"excerpt":{"rendered":"<p>La Fundaci\u00f3n Luis von Ahn anuncia que cuatro mujeres fueron quienes recibieron el \u201cPremio Visionario Luis von Ahn\u201d, en su&hellip;<\/p>\n","protected":false},"author":9,"featured_media":9953,"comment_status":"open","ping_status":"open","sticky":false,"template":"","format":"standard","meta":{"nf_dc_page":"","om_disable_all_campaigns":false,"footnotes":""},"categories":[49,61,427,1,110,64],"tags":[58,979,59,9,167,2,45],"class_list":["post-9952","post","type-post","status-publish","format-standard","has-post-thumbnail","hentry","category-actualidad","category-eventos","category-premios","category-que-pasa","category-titulares","category-trending","tag-actualidad","tag-fundacion-luis-von-ahn","tag-guatemala","tag-lo-actual","tag-premios","tag-titulares","tag-trending","clearfix","entry"],"yoast_head":"<!-- This site is optimized with the Yoast SEO plugin v28.4 - https:\/\/yoast.com\/product\/yoast-seo-wordpress\/ -->\n<title>4 mujeres guatemaltecas fueron galardonadas con el Premio Visionario Luis von Ahn 2026 - Que pasa ahora.com<\/title>\n<meta name=\"robots\" content=\"index, follow, max-snippet:-1, max-image-preview:large, max-video-preview:-1\" \/>\n<link rel=\"canonical\" href=\"https:\/\/www.quepasaahora.com\/qpa_wp\/4-mujeres-guatemaltecas-fueron-galardonadas-con-el-premio-visionario-luis-von-ahn-2026\/\" \/>\n<meta property=\"og:locale\" content=\"es_ES\" \/>\n<meta property=\"og:type\" content=\"article\" \/>\n<meta property=\"og:title\" content=\"4 mujeres guatemaltecas fueron galardonadas con el Premio Visionario Luis von Ahn 2026 - Que pasa ahora.com\" \/>\n<meta property=\"og:description\" content=\"La Fundaci\u00f3n Luis von Ahn anuncia que cuatro mujeres fueron quienes recibieron el \u201cPremio Visionario Luis von Ahn\u201d, en su&hellip;\" \/>\n<meta property=\"og:url\" content=\"https:\/\/www.quepasaahora.com\/qpa_wp\/4-mujeres-guatemaltecas-fueron-galardonadas-con-el-premio-visionario-luis-von-ahn-2026\/\" \/>\n<meta property=\"og:site_name\" content=\"Que pasa ahora.com\" \/>\n<meta property=\"article:published_time\" content=\"2026-08-29T04:03:48+00:00\" \/>\n<meta property=\"article:modified_time\" content=\"2026-08-29T04:03:50+00:00\" \/>\n<meta property=\"og:image\" content=\"http:\/\/www.quepasaahora.com\/qpa_wp\/wp-content\/uploads\/2026\/08\/Foto-1-5.jpeg\" \/>\n\t<meta property=\"og:image:width\" content=\"1161\" \/>\n\t<meta property=\"og:image:height\" content=\"1112\" \/>\n\t<meta property=\"og:image:type\" content=\"image\/jpeg\" \/>\n<meta name=\"author\" content=\"Claudia E. Selva\" \/>\n<meta name=\"twitter:card\" content=\"summary_large_image\" \/>\n<meta name=\"twitter:label1\" content=\"Escrito por\" \/>\n\t<meta name=\"twitter:data1\" content=\"Claudia E. Selva\" \/>\n\t<meta name=\"twitter:label2\" content=\"Tiempo de lectura\" \/>\n\t<meta name=\"twitter:data2\" content=\"3 minutos\" \/>\n<script type=\"application\/ld+json\" class=\"yoast-schema-graph\">{\"@context\":\"https:\\\/\\\/schema.org\",\"@graph\":[{\"@type\":\"Article\",\"@id\":\"https:\\\/\\\/www.quepasaahora.com\\\/qpa_wp\\\/4-mujeres-guatemaltecas-fueron-galardonadas-con-el-premio-visionario-luis-von-ahn-2026\\\/#article\",\"isPartOf\":{\"@id\":\"https:\\\/\\\/www.quepasaahora.com\\\/qpa_wp\\\/4-mujeres-guatemaltecas-fueron-galardonadas-con-el-premio-visionario-luis-von-ahn-2026\\\/\"},\"author\":{\"name\":\"Claudia E. Selva\",\"@id\":\"https:\\\/\\\/www.quepasaahora.com\\\/qpa_wp\\\/#\\\/schema\\\/person\\\/a149edadc3fef0b804e6cf61e1af1350\"},\"headline\":\"4 mujeres guatemaltecas fueron galardonadas con el Premio Visionario Luis von Ahn 2026\",\"datePublished\":\"2026-08-29T04:03:48+00:00\",\"dateModified\":\"2026-08-29T04:03:50+00:00\",\"mainEntityOfPage\":{\"@id\":\"https:\\\/\\\/www.quepasaahora.com\\\/qpa_wp\\\/4-mujeres-guatemaltecas-fueron-galardonadas-con-el-premio-visionario-luis-von-ahn-2026\\\/\"},\"wordCount\":524,\"commentCount\":0,\"image\":{\"@id\":\"https:\\\/\\\/www.quepasaahora.com\\\/qpa_wp\\\/4-mujeres-guatemaltecas-fueron-galardonadas-con-el-premio-visionario-luis-von-ahn-2026\\\/#primaryimage\"},\"thumbnailUrl\":\"https:\\\/\\\/www.quepasaahora.com\\\/qpa_wp\\\/wp-content\\\/uploads\\\/2026\\\/08\\\/Foto-1-5.jpeg\",\"keywords\":[\"Actualidad\",\"Fundacion Luis von Ahn\",\"Guatemala\",\"Lo Actual\",\"Premios\",\"Titulares\",\"Trending\"],\"articleSection\":[\"Actualidad\",\"Eventos\",\"Premios\",\"Qu\u00e9 Pasa\",\"Titulares\",\"Trending\"],\"inLanguage\":\"es\",\"potentialAction\":[{\"@type\":\"CommentAction\",\"name\":\"Comment\",\"target\":[\"https:\\\/\\\/www.quepasaahora.com\\\/qpa_wp\\\/4-mujeres-guatemaltecas-fueron-galardonadas-con-el-premio-visionario-luis-von-ahn-2026\\\/#respond\"]}]},{\"@type\":\"WebPage\",\"@id\":\"https:\\\/\\\/www.quepasaahora.com\\\/qpa_wp\\\/4-mujeres-guatemaltecas-fueron-galardonadas-con-el-premio-visionario-luis-von-ahn-2026\\\/\",\"url\":\"https:\\\/\\\/www.quepasaahora.com\\\/qpa_wp\\\/4-mujeres-guatemaltecas-fueron-galardonadas-con-el-premio-visionario-luis-von-ahn-2026\\\/\",\"name\":\"4 mujeres guatemaltecas fueron galardonadas con el Premio Visionario Luis von Ahn 2026 - Que pasa ahora.com\",\"isPartOf\":{\"@id\":\"https:\\\/\\\/www.quepasaahora.com\\\/qpa_wp\\\/#website\"},\"primaryImageOfPage\":{\"@id\":\"https:\\\/\\\/www.quepasaahora.com\\\/qpa_wp\\\/4-mujeres-guatemaltecas-fueron-galardonadas-con-el-premio-visionario-luis-von-ahn-2026\\\/#primaryimage\"},\"image\":{\"@id\":\"https:\\\/\\\/www.quepasaahora.com\\\/qpa_wp\\\/4-mujeres-guatemaltecas-fueron-galardonadas-con-el-premio-visionario-luis-von-ahn-2026\\\/#primaryimage\"},\"thumbnailUrl\":\"https:\\\/\\\/www.quepasaahora.com\\\/qpa_wp\\\/wp-content\\\/uploads\\\/2026\\\/08\\\/Foto-1-5.jpeg\",\"datePublished\":\"2026-08-29T04:03:48+00:00\",\"dateModified\":\"2026-08-29T04:03:50+00:00\",\"author\":{\"@id\":\"https:\\\/\\\/www.quepasaahora.com\\\/qpa_wp\\\/#\\\/schema\\\/person\\\/a149edadc3fef0b804e6cf61e1af1350\"},\"breadcrumb\":{\"@id\":\"https:\\\/\\\/www.quepasaahora.com\\\/qpa_wp\\\/4-mujeres-guatemaltecas-fueron-galardonadas-con-el-premio-visionario-luis-von-ahn-2026\\\/#breadcrumb\"},\"inLanguage\":\"es\",\"potentialAction\":[{\"@type\":\"ReadAction\",\"target\":[\"https:\\\/\\\/www.quepasaahora.com\\\/qpa_wp\\\/4-mujeres-guatemaltecas-fueron-galardonadas-con-el-premio-visionario-luis-von-ahn-2026\\\/\"]}]},{\"@type\":\"ImageObject\",\"inLanguage\":\"es\",\"@id\":\"https:\\\/\\\/www.quepasaahora.com\\\/qpa_wp\\\/4-mujeres-guatemaltecas-fueron-galardonadas-con-el-premio-visionario-luis-von-ahn-2026\\\/#primaryimage\",\"url\":\"https:\\\/\\\/www.quepasaahora.com\\\/qpa_wp\\\/wp-content\\\/uploads\\\/2026\\\/08\\\/Foto-1-5.jpeg\",\"contentUrl\":\"https:\\\/\\\/www.quepasaahora.com\\\/qpa_wp\\\/wp-content\\\/uploads\\\/2026\\\/08\\\/Foto-1-5.jpeg\",\"width\":1161,\"height\":1112},{\"@type\":\"BreadcrumbList\",\"@id\":\"https:\\\/\\\/www.quepasaahora.com\\\/qpa_wp\\\/4-mujeres-guatemaltecas-fueron-galardonadas-con-el-premio-visionario-luis-von-ahn-2026\\\/#breadcrumb\",\"itemListElement\":[{\"@type\":\"ListItem\",\"position\":1,\"name\":\"Portada\",\"item\":\"https:\\\/\\\/www.quepasaahora.com\\\/qpa_wp\\\/\"},{\"@type\":\"ListItem\",\"position\":2,\"name\":\"4 mujeres guatemaltecas fueron galardonadas con el Premio Visionario Luis von Ahn 2026\"}]},{\"@type\":\"WebSite\",\"@id\":\"https:\\\/\\\/www.quepasaahora.com\\\/qpa_wp\\\/#website\",\"url\":\"https:\\\/\\\/www.quepasaahora.com\\\/qpa_wp\\\/\",\"name\":\"Que pasa ahora.com\",\"description\":\"La gu\u00eda para tu entretenimiento\",\"potentialAction\":[{\"@type\":\"SearchAction\",\"target\":{\"@type\":\"EntryPoint\",\"urlTemplate\":\"https:\\\/\\\/www.quepasaahora.com\\\/qpa_wp\\\/?s={search_term_string}\"},\"query-input\":{\"@type\":\"PropertyValueSpecification\",\"valueRequired\":true,\"valueName\":\"search_term_string\"}}],\"inLanguage\":\"es\"},{\"@type\":\"Person\",\"@id\":\"https:\\\/\\\/www.quepasaahora.com\\\/qpa_wp\\\/#\\\/schema\\\/person\\\/a149edadc3fef0b804e6cf61e1af1350\",\"name\":\"Claudia E. Selva\",\"image\":{\"@type\":\"ImageObject\",\"inLanguage\":\"es\",\"@id\":\"https:\\\/\\\/secure.gravatar.com\\\/avatar\\\/fa7d822dc0beb1048010bf5eaf74ce5db36530f25208ef86e37adcba3dfae11b?s=96&d=mm&r=g\",\"url\":\"https:\\\/\\\/secure.gravatar.com\\\/avatar\\\/fa7d822dc0beb1048010bf5eaf74ce5db36530f25208ef86e37adcba3dfae11b?s=96&d=mm&r=g\",\"contentUrl\":\"https:\\\/\\\/secure.gravatar.com\\\/avatar\\\/fa7d822dc0beb1048010bf5eaf74ce5db36530f25208ef86e37adcba3dfae11b?s=96&d=mm&r=g\",\"caption\":\"Claudia E. Selva\"},\"url\":\"https:\\\/\\\/www.quepasaahora.com\\\/qpa_wp\\\/author\\\/cselva1972yahoo-com\\\/\"}]}<\/script>\n<!-- \/ Yoast SEO plugin. -->","yoast_head_json":{"title":"4 mujeres guatemaltecas fueron galardonadas con el Premio Visionario Luis von Ahn 2026 - Que pasa ahora.com","robots":{"index":"index","follow":"follow","max-snippet":"max-snippet:-1","max-image-preview":"max-image-preview:large","max-video-preview":"max-video-preview:-1"},"canonical":"https:\/\/www.quepasaahora.com\/qpa_wp\/4-mujeres-guatemaltecas-fueron-galardonadas-con-el-premio-visionario-luis-von-ahn-2026\/","og_locale":"es_ES","og_type":"article","og_title":"4 mujeres guatemaltecas fueron galardonadas con el Premio Visionario Luis von Ahn 2026 - Que pasa ahora.com","og_description":"La Fundaci\u00f3n Luis von Ahn anuncia que cuatro mujeres fueron quienes recibieron el \u201cPremio Visionario Luis von Ahn\u201d, en su&hellip;","og_url":"https:\/\/www.quepasaahora.com\/qpa_wp\/4-mujeres-guatemaltecas-fueron-galardonadas-con-el-premio-visionario-luis-von-ahn-2026\/","og_site_name":"Que pasa ahora.com","article_published_time":"2026-08-29T04:03:48+00:00","article_modified_time":"2026-08-29T04:03:50+00:00","og_image":[{"width":1161,"height":1112,"url":"http:\/\/www.quepasaahora.com\/qpa_wp\/wp-content\/uploads\/2026\/08\/Foto-1-5.jpeg","type":"image\/jpeg"}],"author":"Claudia E. Selva","twitter_card":"summary_large_image","twitter_misc":{"Escrito por":"Claudia E. Selva","Tiempo de lectura":"3 minutos"},"schema":{"@context":"https:\/\/schema.org","@graph":[{"@type":"Article","@id":"https:\/\/www.quepasaahora.com\/qpa_wp\/4-mujeres-guatemaltecas-fueron-galardonadas-con-el-premio-visionario-luis-von-ahn-2026\/#article","isPartOf":{"@id":"https:\/\/www.quepasaahora.com\/qpa_wp\/4-mujeres-guatemaltecas-fueron-galardonadas-con-el-premio-visionario-luis-von-ahn-2026\/"},"author":{"name":"Claudia E. Selva","@id":"https:\/\/www.quepasaahora.com\/qpa_wp\/#\/schema\/person\/a149edadc3fef0b804e6cf61e1af1350"},"headline":"4 mujeres guatemaltecas fueron galardonadas con el Premio Visionario Luis von Ahn 2026","datePublished":"2026-08-29T04:03:48+00:00","dateModified":"2026-08-29T04:03:50+00:00","mainEntityOfPage":{"@id":"https:\/\/www.quepasaahora.com\/qpa_wp\/4-mujeres-guatemaltecas-fueron-galardonadas-con-el-premio-visionario-luis-von-ahn-2026\/"},"wordCount":524,"commentCount":0,"image":{"@id":"https:\/\/www.quepasaahora.com\/qpa_wp\/4-mujeres-guatemaltecas-fueron-galardonadas-con-el-premio-visionario-luis-von-ahn-2026\/#primaryimage"},"thumbnailUrl":"https:\/\/www.quepasaahora.com\/qpa_wp\/wp-content\/uploads\/2026\/08\/Foto-1-5.jpeg","keywords":["Actualidad","Fundacion Luis von Ahn","Guatemala","Lo Actual","Premios","Titulares","Trending"],"articleSection":["Actualidad","Eventos","Premios","Qu\u00e9 Pasa","Titulares","Trending"],"inLanguage":"es","potentialAction":[{"@type":"CommentAction","name":"Comment","target":["https:\/\/www.quepasaahora.com\/qpa_wp\/4-mujeres-guatemaltecas-fueron-galardonadas-con-el-premio-visionario-luis-von-ahn-2026\/#respond"]}]},{"@type":"WebPage","@id":"https:\/\/www.quepasaahora.com\/qpa_wp\/4-mujeres-guatemaltecas-fueron-galardonadas-con-el-premio-visionario-luis-von-ahn-2026\/","url":"https:\/\/www.quepasaahora.com\/qpa_wp\/4-mujeres-guatemaltecas-fueron-galardonadas-con-el-premio-visionario-luis-von-ahn-2026\/","name":"4 mujeres guatemaltecas fueron galardonadas con el Premio Visionario Luis von Ahn 2026 - Que pasa ahora.com","isPartOf":{"@id":"https:\/\/www.quepasaahora.com\/qpa_wp\/#website"},"primaryImageOfPage":{"@id":"https:\/\/www.quepasaahora.com\/qpa_wp\/4-mujeres-guatemaltecas-fueron-galardonadas-con-el-premio-visionario-luis-von-ahn-2026\/#primaryimage"},"image":{"@id":"https:\/\/www.quepasaahora.com\/qpa_wp\/4-mujeres-guatemaltecas-fueron-galardonadas-con-el-premio-visionario-luis-von-ahn-2026\/#primaryimage"},"thumbnailUrl":"https:\/\/www.quepasaahora.com\/qpa_wp\/wp-content\/uploads\/2026\/08\/Foto-1-5.jpeg","datePublished":"2026-08-29T04:03:48+00:00","dateModified":"2026-08-29T04:03:50+00:00","author":{"@id":"https:\/\/www.quepasaahora.com\/qpa_wp\/#\/schema\/person\/a149edadc3fef0b804e6cf61e1af1350"},"breadcrumb":{"@id":"https:\/\/www.quepasaahora.com\/qpa_wp\/4-mujeres-guatemaltecas-fueron-galardonadas-con-el-premio-visionario-luis-von-ahn-2026\/#breadcrumb"},"inLanguage":"es","potentialAction":[{"@type":"ReadAction","target":["https:\/\/www.quepasaahora.com\/qpa_wp\/4-mujeres-guatemaltecas-fueron-galardonadas-con-el-premio-visionario-luis-von-ahn-2026\/"]}]},{"@type":"ImageObject","inLanguage":"es","@id":"https:\/\/www.quepasaahora.com\/qpa_wp\/4-mujeres-guatemaltecas-fueron-galardonadas-con-el-premio-visionario-luis-von-ahn-2026\/#primaryimage","url":"https:\/\/www.quepasaahora.com\/qpa_wp\/wp-content\/uploads\/2026\/08\/Foto-1-5.jpeg","contentUrl":"https:\/\/www.quepasaahora.com\/qpa_wp\/wp-content\/uploads\/2026\/08\/Foto-1-5.jpeg","width":1161,"height":1112},{"@type":"BreadcrumbList","@id":"https:\/\/www.quepasaahora.com\/qpa_wp\/4-mujeres-guatemaltecas-fueron-galardonadas-con-el-premio-visionario-luis-von-ahn-2026\/#breadcrumb","itemListElement":[{"@type":"ListItem","position":1,"name":"Portada","item":"https:\/\/www.quepasaahora.com\/qpa_wp\/"},{"@type":"ListItem","position":2,"name":"4 mujeres guatemaltecas fueron galardonadas con el Premio Visionario Luis von Ahn 2026"}]},{"@type":"WebSite","@id":"https:\/\/www.quepasaahora.com\/qpa_wp\/#website","url":"https:\/\/www.quepasaahora.com\/qpa_wp\/","name":"Que pasa ahora.com","description":"La gu\u00eda para tu entretenimiento","potentialAction":[{"@type":"SearchAction","target":{"@type":"EntryPoint","urlTemplate":"https:\/\/www.quepasaahora.com\/qpa_wp\/?s={search_term_string}"},"query-input":{"@type":"PropertyValueSpecification","valueRequired":true,"valueName":"search_term_string"}}],"inLanguage":"es"},{"@type":"Person","@id":"https:\/\/www.quepasaahora.com\/qpa_wp\/#\/schema\/person\/a149edadc3fef0b804e6cf61e1af1350","name":"Claudia E. Selva","image":{"@type":"ImageObject","inLanguage":"es","@id":"https:\/\/secure.gravatar.com\/avatar\/fa7d822dc0beb1048010bf5eaf74ce5db36530f25208ef86e37adcba3dfae11b?s=96&d=mm&r=g","url":"https:\/\/secure.gravatar.com\/avatar\/fa7d822dc0beb1048010bf5eaf74ce5db36530f25208ef86e37adcba3dfae11b?s=96&d=mm&r=g","contentUrl":"https:\/\/secure.gravatar.com\/avatar\/fa7d822dc0beb1048010bf5eaf74ce5db36530f25208ef86e37adcba3dfae11b?s=96&d=mm&r=g","caption":"Claudia E. Selva"},"url":"https:\/\/www.quepasaahora.com\/qpa_wp\/author\/cselva1972yahoo-com\/"}]}},"_links":{"self":[{"href":"https:\/\/www.quepasaahora.com\/qpa_wp\/wp-json\/wp\/v2\/posts\/9952","targetHints":{"allow":["GET"]}}],"collection":[{"href":"https:\/\/www.quepasaahora.com\/qpa_wp\/wp-json\/wp\/v2\/posts"}],"about":[{"href":"https:\/\/www.quepasaahora.com\/qpa_wp\/wp-json\/wp\/v2\/types\/post"}],"author":[{"embeddable":true,"href":"https:\/\/www.quepasaahora.com\/qpa_wp\/wp-json\/wp\/v2\/users\/9"}],"replies":[{"embeddable":true,"href":"https:\/\/www.quepasaahora.com\/qpa_wp\/wp-json\/wp\/v2\/comments?post=9952"}],"version-history":[{"count":1,"href":"https:\/\/www.quepasaahora.com\/qpa_wp\/wp-json\/wp\/v2\/posts\/9952\/revisions"}],"predecessor-version":[{"id":9956,"href":"https:\/\/www.quepasaahora.com\/qpa_wp\/wp-json\/wp\/v2\/posts\/9952\/revisions\/9956"}],"wp:featuredmedia":[{"embeddable":true,"href":"https:\/\/www.quepasaahora.com\/qpa_wp\/wp-json\/wp\/v2\/media\/9953"}],"wp:attachment":[{"href":"https:\/\/www.quepasaahora.com\/qpa_wp\/wp-json\/wp\/v2\/media?parent=9952"}],"wp:term":[{"taxonomy":"category","embeddable":true,"href":"https:\/\/www.quepasaahora.com\/qpa_wp\/wp-json\/wp\/v2\/categories?post=9952"},{"taxonomy":"post_tag","embeddable":true,"href":"https:\/\/www.quepasaahora.com\/qpa_wp\/wp-json\/wp\/v2\/tags?post=9952"}],"curies":[{"name":"wp","href":"https:\/\/api.w.org\/{rel}","templated":true}]}}